[{"@context":"https:\/\/schema.org\/","@type":"Article","@id":"https:\/\/www.jalingua.cz\/pujcovna-aut-pronajima-vozidla-i-v-zime-na-lyzarske-zajezdy\/#Article","mainEntityOfPage":"https:\/\/www.jalingua.cz\/pujcovna-aut-pronajima-vozidla-i-v-zime-na-lyzarske-zajezdy\/","headline":"P\u016fj\u010dovna aut pronaj\u00edm\u00e1 vozidla i v zim\u011b na ly\u017ea\u0159sk\u00e9 z\u00e1jezdy","name":"P\u016fj\u010dovna aut pronaj\u00edm\u00e1 vozidla i v zim\u011b na ly\u017ea\u0159sk\u00e9 z\u00e1jezdy","description":"Slu\u017eby autop\u016fj\u010doven v Praze jsou ur\u010den\u00e9 pro \u0161irok\u00e9 rozp\u011bt\u00ed klientely a rozhodn\u011b neplat\u00ed, \u017ee je to jen snobsk\u00e1 z\u00e1le\u017eitost, vhodn\u00e1 [&hellip;]","datePublished":"2022-05-23","dateModified":"2023-05-25","author":{"@type":"Person","@id":"https:\/\/www.jalingua.cz\/author\/#Person","name":"","url":"https:\/\/www.jalingua.cz\/author\/","identifier":1,"image":{"@type":"ImageObject","@id":"https:\/\/secure.gravatar.com\/avatar\/aa16db3f0f92015edeb6ced2fbc10116de89c6b4888114a368937de5fe58241b?s=96&d=mm&r=g","url":"https:\/\/secure.gravatar.com\/avatar\/aa16db3f0f92015edeb6ced2fbc10116de89c6b4888114a368937de5fe58241b?s=96&d=mm&r=g","height":96,"width":96}},"publisher":{"@type":"Organization","name":"jalingua.cz","logo":{"@type":"ImageObject","@id":"\/logo.png","url":"\/logo.png","width":600,"height":60}},"image":{"@type":"ImageObject","@id":"https:\/\/www.jalingua.cz\/wp-content\/uploads\/snow-4905453_640.jpg","url":"https:\/\/www.jalingua.cz\/wp-content\/uploads\/snow-4905453_640.jpg","height":0,"width":0},"url":"https:\/\/www.jalingua.cz\/pujcovna-aut-pronajima-vozidla-i-v-zime-na-lyzarske-zajezdy\/","about":["Slu\u017eby"],"wordCount":401,"articleBody":"   Slu\u017eby autop\u016fj\u010doven v Praze jsou ur\u010den\u00e9 pro \u0161irok\u00e9 rozp\u011bt\u00ed klientely a rozhodn\u011b neplat\u00ed, \u017ee je to jen snobsk\u00e1 z\u00e1le\u017eitost, vhodn\u00e1 pouze pro m\u011bstskou \u201esmet\u00e1nku\u201c. Vozidla si pronaj\u00edmaj\u00ed i studenti, samoz\u0159ejm\u011b s podm\u00ednkou vlastnictv\u00ed \u0159idi\u010dsk\u00e9ho opr\u00e1vn\u011bn\u00ed. Kup\u0159\u00edkladu velmi v\u00fdhodn\u00e9 je to v situac\u00edch, kdy mlad\u00ed lid\u00e9 cht\u011bj\u00ed tr\u00e1vit t\u00fdden v zim\u011b na hor\u00e1ch, a nemaj\u00ed vlastn\u00ed v\u016fz k dispozici. V \u010dem je pron\u00e1jem v\u00fdhodn\u00fd?Vlakem na hory \u2013 vlakov\u00e9 \u010di autobusov\u00e9 spoje b\u00fdvaj\u00ed v ur\u010dit\u00fdch dnech p\u0159epln\u011bn\u00e9 a cestovat na t\u00fddenn\u00ed pobyt s pln\u00fdm batohem v\u011bc\u00ed a k tomu nav\u00edc s ly\u017eemi, ly\u017ea\u0159skou obuv\u00ed a helmou, to tedy nen\u00ed nic p\u0159\u00edjemn\u00e9ho. Zvl\u00e1\u0161t\u011b, kdy\u017e mus\u00edte n\u011bkolikr\u00e1t p\u0159estupovat na jin\u00fd spoj. J\u00edzda vlakem \u010di autobusem na hory z\u00e1rove\u0148 postr\u00e1d\u00e1 pot\u0159ebn\u00e9 soukrom\u00ed a klid.Nejkr\u00e1sn\u011bj\u0161\u00ed lokality b\u00fdvaj\u00ed daleko od \u201ecivilizace\u201c \u2013 kdo si chce u\u017e\u00edt skute\u010dnou romantiku, vyraz\u00ed tam, kam se p\u0159\u00edli\u0161 rekreant\u016f nehrne, a kde je skute\u010dn\u011b bo\u017esk\u00fd klid. M\u00e1me pro v\u00e1s tip na takov\u00e1 m\u00edsta, kup\u0159\u00edkladu Mari\u00e1nsk\u00e1 Hora v Albrechtic\u00edch v Jizersk\u00fdch hor\u00e1ch nebo Horn\u00ed Maxov, kde lze objednat ubytov\u00e1n\u00ed v penzionech \u010di hotel\u00edch s p\u0159ekr\u00e1sn\u00fdm v\u00fdhledem. Nen\u00ed tam v\u0161ak \u017e\u00e1dn\u00e9 p\u0159\u00edm\u00e9 autobusov\u00e9 ani vlakov\u00e9 spojen\u00ed, a proto se vyplat\u00ed j\u00edzda autem, p\u0159i\u010dem\u017e je parkov\u00e1n\u00ed v\u017edy mo\u017en\u00e9 p\u0159\u00edmo p\u0159ed ubytovac\u00edm m\u00edstem.Daleko na sjezdovku nebo na v\u00fdchoz\u00ed b\u011b\u017eka\u0159sk\u00e9 stopy \u2013 pobyt na odlehlej\u0161\u00edch m\u00edstech, jako je t\u0159eba v\u00fd\u0161e uveden\u00e1 Mari\u00e1nsk\u00e1 hora, je sice fantastick\u00fd s\u00e1m o sob\u011b, ale pokud chcete j\u00edt ly\u017eovat, je to k nejbli\u017e\u0161\u00edmu vleku docela daleko. Abyste nedopadli, jako akt\u00e9\u0159i ve filmu S tebou m\u011b bav\u00ed sv\u011bt, kte\u0159\u00ed putovali do kopce k vleku na \u201e\u010cer\u0165\u00e1k\u201c, s vozem si usnadn\u00edte situaci a u\u0161et\u0159\u00edte spoustu sil. Zaparkovan\u00fd v\u016fz pod sjezdovkou ocen\u00edte zejm\u00e9na po ly\u017eov\u00e1n\u00ed, kdy budete unaven\u00ed, a rozhodn\u011b by se v\u00e1m necht\u011blo \u0161lapat dal\u0161\u00ed t\u0159i kilometry p\u011b\u0161ky s ly\u017eemi na ramenou.                                                                                                                                                                                                                                                                                                                                                                                          4.4\/5 - (8 votes)        "},{"@context":"https:\/\/schema.org\/","@type":"BreadcrumbList","itemListElement":[{"@type":"ListItem","position":1,"name":"P\u016fj\u010dovna aut pronaj\u00edm\u00e1 vozidla i v zim\u011b na ly\u017ea\u0159sk\u00e9 z\u00e1jezdy","item":"https:\/\/www.jalingua.cz\/pujcovna-aut-pronajima-vozidla-i-v-zime-na-lyzarske-zajezdy\/#breadcrumbitem"}]}]