[{"@context":"https:\/\/schema.org\/","@type":"Article","@id":"https:\/\/www.jalingua.cz\/proc-mit-logo\/#Article","mainEntityOfPage":"https:\/\/www.jalingua.cz\/proc-mit-logo\/","headline":"Pro\u010d m\u00edt logo?","name":"Pro\u010d m\u00edt logo?","description":"Kdy\u017e dnes \u010dlov\u011bk vid\u00ed cel\u00e9 ty pomalu nekone\u010dn\u00e9 \u0159ady nab\u00edzej\u00edc\u00edho se zbo\u017e\u00ed, nejednou nev\u00ed, pro co z toho by se [&hellip;]","datePublished":"2021-06-06","dateModified":"2021-06-06","author":{"@type":"Person","@id":"https:\/\/www.jalingua.cz\/author\/#Person","name":"","url":"https:\/\/www.jalingua.cz\/author\/","identifier":1,"image":{"@type":"ImageObject","@id":"https:\/\/secure.gravatar.com\/avatar\/aa16db3f0f92015edeb6ced2fbc10116de89c6b4888114a368937de5fe58241b?s=96&d=mm&r=g","url":"https:\/\/secure.gravatar.com\/avatar\/aa16db3f0f92015edeb6ced2fbc10116de89c6b4888114a368937de5fe58241b?s=96&d=mm&r=g","height":96,"width":96}},"publisher":{"@type":"Organization","name":"jalingua.cz","logo":{"@type":"ImageObject","@id":"\/logo.png","url":"\/logo.png","width":600,"height":60}},"image":{"@type":"ImageObject","@id":"https:\/\/www.jalingua.cz\/wp-content\/uploads\/internetov%C3%A1%20loga_3RHIuT.png","url":"https:\/\/www.jalingua.cz\/wp-content\/uploads\/internetov%C3%A1%20loga_3RHIuT.png","height":0,"width":0},"url":"https:\/\/www.jalingua.cz\/proc-mit-logo\/","about":["Slu\u017eby"],"wordCount":423,"articleBody":"  Kdy\u017e dnes \u010dlov\u011bk vid\u00ed cel\u00e9 ty pomalu nekone\u010dn\u00e9 \u0159ady nab\u00edzej\u00edc\u00edho se zbo\u017e\u00ed, nejednou nev\u00ed, pro co z toho by se rozhodl. Proto\u017ee to navenek vypad\u00e1 leckdy velice podobn\u011b, a doty\u010dn\u00fd by tak m\u011bl slo\u017eit\u011b pro\u010d\u00edtat to, co je naps\u00e1no na jednotliv\u00fdch obalech, aby se nakonec snad rozhodl pr\u00e1v\u011b pro to, o\u010d m\u00e1 nejv\u011bt\u0161\u00ed z\u00e1jem. Ale nejednou tak na\u0161t\u011bst\u00ed \u010dinit nemus\u00ed, nejednou je jeho v\u00fdb\u011br zjednodu\u0161en. A to t\u00edm, \u017ee m\u00edvaj\u00ed podobn\u00e9 v\u00fdrobky nejednou sv\u00e1 rozmanit\u00e1 loga. A ten, kdo v\u00ed, co se pod ur\u010dit\u00fdm logem skr\u00fdv\u00e1, si tak m\u016f\u017ee v\u00fdb\u011br usnadnit t\u00edm, \u017ee s\u00e1hne po tom, co zn\u00e1 a k \u010demu m\u00e1 nejv\u011bt\u0161\u00ed d\u016fv\u011bru. Co\u017e \u010din\u00ed dob\u0159e nejen takov\u00e9mu vyb\u00edraj\u00edc\u00edmu jedinci, ale i kvalitn\u00edm v\u00fdrobc\u016fm a dodavatel\u016fm, kte\u0159\u00ed se tak daleko jednodu\u0161eji prosad\u00ed mezi konkurenc\u00ed.  Kdy\u017e se pak \u010dlov\u011bk pod\u00edv\u00e1 na nejedno vozidlo, je\u017e kolem n\u011bj projede, tak\u00e9 hrav\u011b zjist\u00ed, jak\u00e9 pat\u0159\u00ed firm\u011b. A nemus\u00ed se t\u0159eba pracn\u011b zji\u0161\u0165ovat, ve kter\u00e9m z voz\u016f p\u0159ed domem sed\u00ed pr\u00e1v\u011b kur\u00fdr \u010di po\u0161tovn\u00ed doru\u010dovatel, kter\u00fd za doty\u010dn\u00fdm \u010dlov\u011bkem jede, proto\u017ee i jeho vozidlo je z\u0159eteln\u011b odli\u0161eno od t\u011bch ostatn\u00edch. A to rovn\u011b\u017e firemn\u00edm logem. Podle loga pozn\u00e1me \u010dasto ale i to, kter\u00e1 firma \u010di jin\u00e1 provozovna s\u00eddl\u00ed v ur\u010dit\u00e9m objektu, kdo n\u00e1m poslal dopis ve schr\u00e1nce, ve kter\u00e9 firm\u011b, kdo z lid\u00ed v pracovn\u00edm oble\u010den\u00ed p\u016fsob\u00ed\u2026 Logo je tedy velice u\u017eite\u010dn\u00e1 v\u011bc. Pom\u00e1h\u00e1 sn\u00e1ze se zorientovat t\u011bm, kdo n\u011bco hledaj\u00ed nebo se maj\u00ed v n\u011b\u010dem vyznat bez zbyte\u010dn\u00e9 ztr\u00e1ty \u010dasu. A leckdy je toto i vysloven\u011b nezbytn\u00e9.  A \u017ee byste n\u011bjak\u00e9 kvalitn\u00ed logo, j\u00edm\u017e byste se odli\u0161ovali od ostatn\u00edch a zviditel\u0148ovali, tak\u00e9 pot\u0159ebovali? To nen\u00ed probl\u00e9m. Nemus\u00edte si s t\u00edm v\u016fbec l\u00e1mat hlavu. Tvorba loga Jihlavase v\u00e1m o to toti\u017e kdykoliv ochotn\u011b postar\u00e1. Zde najdete lidi, kte\u0159\u00ed v\u011bd\u00ed, jak na takov\u00e1 loga, zde najdete profesion\u00e1ly, kte\u0159\u00ed pro v\u00e1s n\u011bco takov\u00e9ho zhotov\u00ed. A vy se pak budete tak\u00e9 origin\u00e1ln\u011b a jedine\u010dn\u011b prezentovat a nikdo si v\u00e1s s nik\u00fdm necht\u011bn\u011b nesplete.                                                                                                                                                                                                                                                                                                                                                                                         3.1\/5 - (7 votes)        "},{"@context":"https:\/\/schema.org\/","@type":"BreadcrumbList","itemListElement":[{"@type":"ListItem","position":1,"name":"Pro\u010d m\u00edt logo?","item":"https:\/\/www.jalingua.cz\/proc-mit-logo\/#breadcrumbitem"}]}]