[{"@context":"https:\/\/schema.org\/","@type":"Article","@id":"https:\/\/www.jalingua.cz\/prijemny-interier\/#Article","mainEntityOfPage":"https:\/\/www.jalingua.cz\/prijemny-interier\/","headline":"P\u0159\u00edjemn\u00fd interi\u00e9r","name":"P\u0159\u00edjemn\u00fd interi\u00e9r","description":"V\u017edycky jsem s p\u0159\u00edtelem snila o tom, \u017ee budeme m\u00edt vlastn\u00ed klimatizaci. A na webov\u00e9 str\u00e1nce sunus.cz m\u011b zaujala klimatizace [&hellip;]","datePublished":"2023-01-14","dateModified":"2024-02-05","author":{"@type":"Person","@id":"https:\/\/www.jalingua.cz\/author\/#Person","name":"","url":"https:\/\/www.jalingua.cz\/author\/","identifier":1,"image":{"@type":"ImageObject","@id":"https:\/\/secure.gravatar.com\/avatar\/aa16db3f0f92015edeb6ced2fbc10116de89c6b4888114a368937de5fe58241b?s=96&d=mm&r=g","url":"https:\/\/secure.gravatar.com\/avatar\/aa16db3f0f92015edeb6ced2fbc10116de89c6b4888114a368937de5fe58241b?s=96&d=mm&r=g","height":96,"width":96}},"publisher":{"@type":"Organization","name":"jalingua.cz","logo":{"@type":"ImageObject","@id":"\/logo.png","url":"\/logo.png","width":600,"height":60}},"image":{"@type":"ImageObject","@id":"https:\/\/www.jalingua.cz\/wp-content\/uploads\/ventilator-349658_960_720_6.jpg","url":"https:\/\/www.jalingua.cz\/wp-content\/uploads\/ventilator-349658_960_720_6.jpg","height":0,"width":0},"url":"https:\/\/www.jalingua.cz\/prijemny-interier\/","about":["Produkty"],"wordCount":378,"articleBody":"        V\u017edycky jsem s p\u0159\u00edtelem snila o tom, \u017ee budeme m\u00edt vlastn\u00ed klimatizaci. A na webov\u00e9 str\u00e1nce sunus.cz m\u011b zaujala klimatizace vitoclima 200s, co\u017e je cenov\u011b zaj\u00edmav\u00e9 \u0159e\u0161en\u00ed s vysokou kvalitou. A j\u00e1 si mysl\u00edm, \u017ee p\u0159esn\u011b tohle jsme s p\u0159\u00edtelem pot\u0159ebovali. Proto\u017ee m\u016fj p\u0159\u00edtel st\u00e1le cht\u011bl n\u011bjakou klimatizaci, kter\u00e1 je dob\u0159e finan\u010dn\u011b dostupn\u00e1, ale nebude zase st\u00e1t opravdu hodn\u011b pen\u011bz. Tak\u017ee jsme se s p\u0159\u00edtelem domluvili, \u017ee by opravdu bylo nejlep\u0161\u00ed, kdybychom se s n\u011bk\u00fdm domluvili, aby n\u00e1m dal n\u011bjak\u00e9 lep\u0161\u00ed informace o tom, jak\u00e1 klimatizace by byla opravdu nejlep\u0161\u00ed.Proto jsem si \u0159ekla, \u017ee by bylo nejlep\u0161\u00ed si sehnat n\u011bjak\u00e9ho odborn\u00edka, kter\u00fd v tom pracuje u\u017e hodn\u011b dlouho a vyzn\u00e1 se v tom. Tak\u017ee jsme si s p\u0159\u00edtelem \u0159ekli, \u017ee neud\u011bl\u00e1me chybu, kdy\u017e si n\u011bkoho n\u011bco se\u017eeneme. A proto\u017ee jsem cht\u011bla opravdu n\u011bjakou velkou kvalitu, tak jsem si \u0159ekla, \u017ee si nech\u00e1me poradit rad\u011bji od dvou nez\u00e1visl\u00fdch zdroj\u016f. Samoz\u0159ejm\u011b, \u017ee jsem cht\u011bla si nechat poradit od firmy sunus.cz, ale taky pak od n\u011bkoho, kdo u\u017e n\u011bjakou klimatizaci m\u00e1. A nejl\u00e9pe, kdo u\u017e m\u00e1 klimatizaci vitoclima 200s, o kter\u00e9 chci v\u011bd\u011bt v\u00edce informac\u00ed. A samoz\u0159ejm\u011b, \u017ee tyto v\u0161echny klimatizace spl\u0148uj\u00ed krit\u00e9ria evropsk\u00e9 sm\u011brnice ERP.A tohle m\u011b taky opravdu hodn\u011b zaj\u00edmalo, proto\u017ee komfortn\u00ed klimatizace se nesm\u00ed jenom tak ihned rozb\u00edt. Nav\u00edc v\u00fdrobn\u00ed \u0159ada vitoclima je vybavena speci\u00e1ln\u00edm senzorem, co\u017e m\u011b velice zaujalo, proto\u017ee udr\u017euje st\u00e1lou teplotu v interi\u00e9ru a zaji\u0161\u0165uje opravdu skv\u011bl\u00e9 klima a teplo v m\u00edstnosti. Mn\u011b se tohle l\u00edb\u00ed, proto\u017ee nem\u00e1m toti\u017e r\u00e1da, kdy\u017e je \u00fapln\u011b horko anebo kdy\u017e je \u00fapln\u00e1 zima. Tak\u017ee pro m\u011b klimatizace do byla opravdu vhodn\u00e1 a mysl\u00edm si, \u017ee nejsem sama. Mnoho lid\u00ed u\u017e to u\u017e je po klimatizaci, ale nev\u00ed, jakou kvalitu si vybrat a taky nev\u00ed, kde to nejlep\u0161\u00ed klimatizaci z Brna koupit. Dejte taky na skv\u011bl\u00e9 recenze.                                                                                                                                                                                                                                                                                                                                                                                           4.8\/5 - (5 votes)        "},{"@context":"https:\/\/schema.org\/","@type":"BreadcrumbList","itemListElement":[{"@type":"ListItem","position":1,"name":"P\u0159\u00edjemn\u00fd interi\u00e9r","item":"https:\/\/www.jalingua.cz\/prijemny-interier\/#breadcrumbitem"}]}]