[{"@context":"https:\/\/schema.org\/","@type":"Article","@id":"https:\/\/www.jalingua.cz\/posezeni-v-prirode\/#Article","mainEntityOfPage":"https:\/\/www.jalingua.cz\/posezeni-v-prirode\/","headline":"Posezen\u00ed v p\u0159\u00edrod\u011b","name":"Posezen\u00ed v p\u0159\u00edrod\u011b","description":"Pr\u00e1v\u011b to je to, co n\u00e1s bude zaj\u00edmat. Toti\u017e to, zda je kde sed\u011bt. Mysl\u00edte si, \u017ee je to hloupost, [&hellip;]","datePublished":"2021-09-25","dateModified":"2023-12-20","author":{"@type":"Person","@id":"https:\/\/www.jalingua.cz\/author\/#Person","name":"","url":"https:\/\/www.jalingua.cz\/author\/","identifier":1,"image":{"@type":"ImageObject","@id":"https:\/\/secure.gravatar.com\/avatar\/aa16db3f0f92015edeb6ced2fbc10116de89c6b4888114a368937de5fe58241b?s=96&d=mm&r=g","url":"https:\/\/secure.gravatar.com\/avatar\/aa16db3f0f92015edeb6ced2fbc10116de89c6b4888114a368937de5fe58241b?s=96&d=mm&r=g","height":96,"width":96}},"publisher":{"@type":"Organization","name":"jalingua.cz","logo":{"@type":"ImageObject","@id":"\/logo.png","url":"\/logo.png","width":600,"height":60}},"image":{"@type":"ImageObject","@id":"https:\/\/www.jalingua.cz\/wp-content\/uploads\/pergola_8.jpg","url":"https:\/\/www.jalingua.cz\/wp-content\/uploads\/pergola_8.jpg","height":0,"width":0},"url":"https:\/\/www.jalingua.cz\/posezeni-v-prirode\/","about":["Produkty"],"wordCount":439,"articleBody":"         Pr\u00e1v\u011b to je to, co n\u00e1s bude zaj\u00edmat. Toti\u017e to, zda je kde sed\u011bt. Mysl\u00edte si, \u017ee je to hloupost, ale nen\u00ed. Ka\u017ed\u00fd m\u00e1 zahr\u00e1dku poprv\u00e9 a je jedno jak k n\u00ed p\u0159i\u0161el. Pokud je ji\u017e upraven\u00e1 a pou\u017e\u00edvan\u00e1, m\u00edsta k sezen\u00ed zde jist\u011b jsou. O to se neo\u0161id\u00ed nikdo, \u017e\u00e1dn\u00fd zahr\u00e1dk\u00e1\u0159, aby si po pr\u00e1ci nemohl sednout nap\u0159\u00edklad s kaf\u00ed\u010dkem a obhl\u00ed\u017eet si svou celodenn\u00ed pr\u00e1ci. Ale tak\u00e9 m\u016f\u017eeme p\u0159ij\u00edt k zahr\u00e1dce nov\u00e9, kde nen\u00ed zhola nic. Co mysl\u00edte, jak se bude pl\u00e1novat? Co kde bude? Nebo se nejprve z\u0159\u00edd\u00ed provizorn\u00ed posezen\u00ed? To druh\u00e9 bude jako prvn\u00ed. A jsme u toho. Jist\u011b, d\u00e1 se sed\u011bt na zemi, na kamen\u00ed, na kmenu stromu nebo prost\u011b na \u010demkoli. Ale takov\u00e9 posezen\u00ed, kde nemus\u00edte prchat p\u0159ed de\u0161t\u011bm, to je teprve n\u011bco. A proto zde m\u00e1me r\u016fzn\u00e9 alt\u00e1ny, pergoly a p\u0159\u00edst\u0159e\u0161ky sbit\u00e9 z toho co je po ruce. To posledn\u00ed \u0159e\u0161en\u00ed je lacin\u00e9, ale esteticky velmi uboh\u00e9. Proto se rad\u011bji ka\u017ed\u00fd vrh\u00e1 na alt\u00e1nek, nebo cokoli, co tak\u00e9 tro\u0161ku hezky vypad\u00e1. Kdo nen\u00ed n\u011bjak moc technicky zdatn\u00fd, nezab\u00fdv\u00e1 se n\u00e1kupem d\u0159eva a dal\u0161\u00edch v\u011bc\u00ed, n\u00fdbr\u017e si koup\u00ed rovnou cel\u00fd v\u00fdrobek s t\u00edm, \u017ee firma, kde si to koupil mu to tak\u00e9 cel\u00e9 um\u00edst\u00ed dle p\u0159\u00e1n\u00ed. Ji\u017e sly\u0161\u00edm hlasy, \u017ee lep\u0161\u00ed je to stav\u011bt si s\u00e1m a \u017ee p\u0159es firmu je to moc drah\u00e9. A \u017ee nap\u0159\u00edklad d\u0159ev\u011bn\u00e9 pergoly levn\u011b koupit nelze. Hahahaha, sm\u011bje se jin\u00fd, zasv\u011bcen\u00fd a znal\u00fd. Ten v\u00ed, \u017ee zase tak velk\u00fd rozd\u00edl to nen\u00ed a \u017ee jako bonus je zde spousta u\u0161et\u0159en\u00e9ho \u010dasu a nerv\u016f. A \u017ee je zde tak\u00e9 z\u00e1ruka firmy, kter\u00e1 n\u00e1m d\u00e1v\u00e1 jistotu, \u017ee se na n\u00e1s d\u00edlo nez\u0159\u00edt\u00ed p\u0159i prvn\u00edm z\u00e1vanu v\u011btru \u010di de\u0161\u0165ov\u00e9 p\u0159eh\u00e1\u0148ce. Ka\u017ed\u00fd si mus\u00ed vybrat svou cestu, zda tedy stav\u011bt s\u00e1m, nebo koupit. V\u00fdhody sv\u00e9pomoci nezn\u00e1m, zato koup\u011b hotov\u00e9 pergoly jich m\u00e1 spoustu. N\u011bkter\u00e9 jsem ji\u017e zm\u00ednil. Dal\u0161\u00ed je ta, \u017ee ihned v\u00edte, kolik v\u00e1s to bude st\u00e1t. A ta posledn\u00ed je rychlost. Nu\u017ee, nev\u00e1hejte si proto po\u0159\u00eddit n\u011bco na va\u0161i zahr\u00e1dku a nechte si klidn\u011b i poradit. Uvid\u00edte, \u017ee budete spokojeni.                                                                                                                                                                                                                                                                                                                                                                                           3.5\/5 - (8 votes)        "},{"@context":"https:\/\/schema.org\/","@type":"BreadcrumbList","itemListElement":[{"@type":"ListItem","position":1,"name":"Posezen\u00ed v p\u0159\u00edrod\u011b","item":"https:\/\/www.jalingua.cz\/posezeni-v-prirode\/#breadcrumbitem"}]}]