[{"@context":"https:\/\/schema.org\/","@type":"Article","@id":"https:\/\/www.jalingua.cz\/pohodli-a-interier\/#Article","mainEntityOfPage":"https:\/\/www.jalingua.cz\/pohodli-a-interier\/","headline":"Pohodl\u00ed a interi\u00e9r","name":"Pohodl\u00ed a interi\u00e9r","description":"V\u00edte, \u017ee v pr\u00e1ci str\u00e1v\u00edte mo\u017en\u00e1 t\u0159etinu \u017eivota ? Ur\u010dit\u011b tak usednete na krat\u0161\u00ed nebo del\u0161\u00ed dobu. Tomu by m\u011bl [&hellip;]","datePublished":"2024-02-02","dateModified":"2024-02-02","author":{"@type":"Person","@id":"https:\/\/www.jalingua.cz\/author\/#Person","name":"","url":"https:\/\/www.jalingua.cz\/author\/","identifier":1,"image":{"@type":"ImageObject","@id":"https:\/\/secure.gravatar.com\/avatar\/aa16db3f0f92015edeb6ced2fbc10116de89c6b4888114a368937de5fe58241b?s=96&d=mm&r=g","url":"https:\/\/secure.gravatar.com\/avatar\/aa16db3f0f92015edeb6ced2fbc10116de89c6b4888114a368937de5fe58241b?s=96&d=mm&r=g","height":96,"width":96}},"publisher":{"@type":"Organization","name":"jalingua.cz","logo":{"@type":"ImageObject","@id":"\/logo.png","url":"\/logo.png","width":600,"height":60}},"url":"https:\/\/www.jalingua.cz\/pohodli-a-interier\/","wordCount":163,"articleBody":"V\u00edte, \u017ee v pr\u00e1ci str\u00e1v\u00edte mo\u017en\u00e1 t\u0159etinu \u017eivota ? Ur\u010dit\u011b tak usednete na krat\u0161\u00ed nebo del\u0161\u00ed dobu. Tomu by m\u011bl odpov\u00eddat zdrav\u00fd a pohodln\u00fd sedac\u00ed n\u00e1bytek, kancel\u00e1\u0159sk\u00e9a konferen\u010dn\u00ed \u017eidle. Vyu\u017eijte n\u00e1\u0161 port\u00e1l specializovan\u00fd na zdrav\u00e9 sezen\u00ed.Pokud se nec\u00edt\u00edte a jste nepozorn\u00ed, nen\u00ed v po\u0159\u00e1dku Va\u0161e \u017eidle. V\u00fdb\u011br sezen\u00ed p\u0159izp\u016fsob\u00edme V\u00e1m, podle \u00fa\u010delu a prostoru. Z\u00e1kladn\u00ed varianta posta\u010d\u00ed na krat\u0161\u00ed sezen\u00ed, konferen\u010dn\u00ed \u017eidle s nastaven\u00edm volte na del\u0161\u00ed porady, prezentace, pro V\u00e1\u0161 person\u00e1l.\tPohodl\u00ed a interi\u00e9rS n\u00e1mi za\u0159\u00edd\u00edte v\u00fdhodn\u011b luxusn\u00ed interi\u00e9r a \u0159e\u0161en\u00ed najdete na b\u011b\u017en\u00e9 pracovi\u0161t\u011b. Kancel\u00e1\u0159sk\u00e9a konferen\u010dn\u00ed \u017eidle ve v\u0161ech kategori\u00edch V\u00e1m slad\u00edme s designem dan\u00e9ho prostoru. Nab\u00edz\u00edme kvalitu, odborn\u011b porad\u00edme, p\u0159i n\u00e1kupu poskytujeme trvale zaj\u00edmav\u00e9 slevy.                                                                                                                                                                                                                                                                                                                                                                                        4.3\/5 - (11 votes)        "},{"@context":"https:\/\/schema.org\/","@type":"BreadcrumbList","itemListElement":[{"@type":"ListItem","position":1,"name":"Pohodl\u00ed a interi\u00e9r","item":"https:\/\/www.jalingua.cz\/pohodli-a-interier\/#breadcrumbitem"}]}]