[{"@context":"https:\/\/schema.org\/","@type":"Blog","@id":"https:\/\/www.jalingua.cz#Blog","headline":"Jalingua","description":"\nStahuj\u00ed se v\u00e1m nad hlavou pomysln\u00e1 temn\u00e1 mra\u010dna chmur? Potom urychlen\u011b nav\u0161tivte n\u00e1\u0161 web, kde v\u00e1m op\u011bt zaru\u010den\u011b pom\u016f\u017eeme rozjasnit va\u0161i tv\u00e1\u0159.","url":"https:\/\/www.jalingua.cz","hasPart":[{"@type":"Article","@id":"https:\/\/www.jalingua.cz\/smyslna-masaz-penisu\/","headline":"Smysln\u00e1 mas\u00e1\u017e penisu","url":"https:\/\/www.jalingua.cz\/smyslna-masaz-penisu\/","datePublished":"2025-01-08","dateModified":"2025-01-08","mainEntityOfPage":"https:\/\/www.jalingua.cz\/smyslna-masaz-penisu\/","author":{"@type":"Person","@id":"https:\/\/www.jalingua.cz\/author\/#Person","name":"","url":"https:\/\/www.jalingua.cz\/author\/","identifier":1,"image":{"@type":"ImageObject","@id":"https:\/\/secure.gravatar.com\/avatar\/aa16db3f0f92015edeb6ced2fbc10116de89c6b4888114a368937de5fe58241b?s=96&d=mm&r=g","url":"https:\/\/secure.gravatar.com\/avatar\/aa16db3f0f92015edeb6ced2fbc10116de89c6b4888114a368937de5fe58241b?s=96&d=mm&r=g","height":96,"width":96}},"publisher":{"@type":"Organization","name":"jalingua.cz","logo":{"@type":"ImageObject","@id":"\/logo.png","url":"\/logo.png","width":600,"height":60}},"image":null,"wordCount":308,"keywords":null},{"@type":"Article","@id":"https:\/\/www.jalingua.cz\/machovo-jezero-a-chatky\/","headline":"M\u00e1chovo jezero a chatky","url":"https:\/\/www.jalingua.cz\/machovo-jezero-a-chatky\/","datePublished":"2025-01-04","dateModified":"2025-01-04","mainEntityOfPage":"https:\/\/www.jalingua.cz\/machovo-jezero-a-chatky\/","author":{"@type":"Person","@id":"https:\/\/www.jalingua.cz\/author\/#Person","name":"","url":"https:\/\/www.jalingua.cz\/author\/","identifier":1,"image":{"@type":"ImageObject","@id":"https:\/\/secure.gravatar.com\/avatar\/aa16db3f0f92015edeb6ced2fbc10116de89c6b4888114a368937de5fe58241b?s=96&d=mm&r=g","url":"https:\/\/secure.gravatar.com\/avatar\/aa16db3f0f92015edeb6ced2fbc10116de89c6b4888114a368937de5fe58241b?s=96&d=mm&r=g","height":96,"width":96}},"publisher":{"@type":"Organization","name":"jalingua.cz","logo":{"@type":"ImageObject","@id":"\/logo.png","url":"\/logo.png","width":600,"height":60}},"image":null,"wordCount":270,"keywords":null},{"@type":"Article","@id":"https:\/\/www.jalingua.cz\/nevyprane-pradlo\/","headline":"Nevypran\u00e9 pr\u00e1dlo","url":"https:\/\/www.jalingua.cz\/nevyprane-pradlo\/","datePublished":"2024-12-26","dateModified":"2024-12-26","mainEntityOfPage":"https:\/\/www.jalingua.cz\/nevyprane-pradlo\/","author":{"@type":"Person","@id":"https:\/\/www.jalingua.cz\/author\/#Person","name":"","url":"https:\/\/www.jalingua.cz\/author\/","identifier":1,"image":{"@type":"ImageObject","@id":"https:\/\/secure.gravatar.com\/avatar\/aa16db3f0f92015edeb6ced2fbc10116de89c6b4888114a368937de5fe58241b?s=96&d=mm&r=g","url":"https:\/\/secure.gravatar.com\/avatar\/aa16db3f0f92015edeb6ced2fbc10116de89c6b4888114a368937de5fe58241b?s=96&d=mm&r=g","height":96,"width":96}},"publisher":{"@type":"Organization","name":"jalingua.cz","logo":{"@type":"ImageObject","@id":"\/logo.png","url":"\/logo.png","width":600,"height":60}},"image":null,"wordCount":211,"keywords":null},{"@type":"Article","@id":"https:\/\/www.jalingua.cz\/obrovska-laska-v-jedinem-sperku\/","headline":"Obrovsk\u00e1 l\u00e1ska v jedin\u00e9m \u0161perku","url":"https:\/\/www.jalingua.cz\/obrovska-laska-v-jedinem-sperku\/","datePublished":"2024-12-20","dateModified":"2024-12-20","mainEntityOfPage":"https:\/\/www.jalingua.cz\/obrovska-laska-v-jedinem-sperku\/","author":{"@type":"Person","@id":"https:\/\/www.jalingua.cz\/author\/#Person","name":"","url":"https:\/\/www.jalingua.cz\/author\/","identifier":1,"image":{"@type":"ImageObject","@id":"https:\/\/secure.gravatar.com\/avatar\/aa16db3f0f92015edeb6ced2fbc10116de89c6b4888114a368937de5fe58241b?s=96&d=mm&r=g","url":"https:\/\/secure.gravatar.com\/avatar\/aa16db3f0f92015edeb6ced2fbc10116de89c6b4888114a368937de5fe58241b?s=96&d=mm&r=g","height":96,"width":96}},"publisher":{"@type":"Organization","name":"jalingua.cz","logo":{"@type":"ImageObject","@id":"\/logo.png","url":"\/logo.png","width":600,"height":60}},"image":null,"wordCount":222,"keywords":null},{"@type":"Article","@id":"https:\/\/www.jalingua.cz\/myslenky-na-minulost\/","headline":"My\u0161lenky na minulost","url":"https:\/\/www.jalingua.cz\/myslenky-na-minulost\/","datePublished":"2024-12-15","dateModified":"2024-12-15","mainEntityOfPage":"https:\/\/www.jalingua.cz\/myslenky-na-minulost\/","author":{"@type":"Person","@id":"https:\/\/www.jalingua.cz\/author\/#Person","name":"","url":"https:\/\/www.jalingua.cz\/author\/","identifier":1,"image":{"@type":"ImageObject","@id":"https:\/\/secure.gravatar.com\/avatar\/aa16db3f0f92015edeb6ced2fbc10116de89c6b4888114a368937de5fe58241b?s=96&d=mm&r=g","url":"https:\/\/secure.gravatar.com\/avatar\/aa16db3f0f92015edeb6ced2fbc10116de89c6b4888114a368937de5fe58241b?s=96&d=mm&r=g","height":96,"width":96}},"publisher":{"@type":"Organization","name":"jalingua.cz","logo":{"@type":"ImageObject","@id":"\/logo.png","url":"\/logo.png","width":600,"height":60}},"image":null,"wordCount":233,"keywords":null},{"@type":"Article","@id":"https:\/\/www.jalingua.cz\/stroje-pro-vasi-pomoc\/","headline":"Stroje pro va\u0161i pomoc","url":"https:\/\/www.jalingua.cz\/stroje-pro-vasi-pomoc\/","datePublished":"2024-12-05","dateModified":"2024-12-05","mainEntityOfPage":"https:\/\/www.jalingua.cz\/stroje-pro-vasi-pomoc\/","author":{"@type":"Person","@id":"https:\/\/www.jalingua.cz\/author\/#Person","name":"","url":"https:\/\/www.jalingua.cz\/author\/","identifier":1,"image":{"@type":"ImageObject","@id":"https:\/\/secure.gravatar.com\/avatar\/aa16db3f0f92015edeb6ced2fbc10116de89c6b4888114a368937de5fe58241b?s=96&d=mm&r=g","url":"https:\/\/secure.gravatar.com\/avatar\/aa16db3f0f92015edeb6ced2fbc10116de89c6b4888114a368937de5fe58241b?s=96&d=mm&r=g","height":96,"width":96}},"publisher":{"@type":"Organization","name":"jalingua.cz","logo":{"@type":"ImageObject","@id":"\/logo.png","url":"\/logo.png","width":600,"height":60}},"image":null,"wordCount":218,"keywords":null},{"@type":"Article","@id":"https:\/\/www.jalingua.cz\/mejte-vsechny-sve-sny-na-dosah\/","headline":"M\u011bjte v\u0161echny sv\u00e9 sny na dosah","url":"https:\/\/www.jalingua.cz\/mejte-vsechny-sve-sny-na-dosah\/","datePublished":"2024-11-29","dateModified":"2024-11-29","mainEntityOfPage":"https:\/\/www.jalingua.cz\/mejte-vsechny-sve-sny-na-dosah\/","author":{"@type":"Person","@id":"https:\/\/www.jalingua.cz\/author\/#Person","name":"","url":"https:\/\/www.jalingua.cz\/author\/","identifier":1,"image":{"@type":"ImageObject","@id":"https:\/\/secure.gravatar.com\/avatar\/aa16db3f0f92015edeb6ced2fbc10116de89c6b4888114a368937de5fe58241b?s=96&d=mm&r=g","url":"https:\/\/secure.gravatar.com\/avatar\/aa16db3f0f92015edeb6ced2fbc10116de89c6b4888114a368937de5fe58241b?s=96&d=mm&r=g","height":96,"width":96}},"publisher":{"@type":"Organization","name":"jalingua.cz","logo":{"@type":"ImageObject","@id":"\/logo.png","url":"\/logo.png","width":600,"height":60}},"image":null,"wordCount":245,"keywords":null},{"@type":"Article","@id":"https:\/\/www.jalingua.cz\/kazdemu-poradime-s-vyberem\/","headline":"Ka\u017ed\u00e9mu porad\u00edme s v\u00fdb\u011brem","url":"https:\/\/www.jalingua.cz\/kazdemu-poradime-s-vyberem\/","datePublished":"2024-11-24","dateModified":"2024-11-24","mainEntityOfPage":"https:\/\/www.jalingua.cz\/kazdemu-poradime-s-vyberem\/","author":{"@type":"Person","@id":"https:\/\/www.jalingua.cz\/author\/#Person","name":"","url":"https:\/\/www.jalingua.cz\/author\/","identifier":1,"image":{"@type":"ImageObject","@id":"https:\/\/secure.gravatar.com\/avatar\/aa16db3f0f92015edeb6ced2fbc10116de89c6b4888114a368937de5fe58241b?s=96&d=mm&r=g","url":"https:\/\/secure.gravatar.com\/avatar\/aa16db3f0f92015edeb6ced2fbc10116de89c6b4888114a368937de5fe58241b?s=96&d=mm&r=g","height":96,"width":96}},"publisher":{"@type":"Organization","name":"jalingua.cz","logo":{"@type":"ImageObject","@id":"\/logo.png","url":"\/logo.png","width":600,"height":60}},"image":null,"wordCount":220,"keywords":null},{"@type":"Article","@id":"https:\/\/www.jalingua.cz\/jak-si-opatrit-sve-vlastni-auto\/","headline":"Jak si opat\u0159it sv\u00e9 vlastn\u00ed auto","url":"https:\/\/www.jalingua.cz\/jak-si-opatrit-sve-vlastni-auto\/","datePublished":"2024-11-15","dateModified":"2024-11-15","mainEntityOfPage":"https:\/\/www.jalingua.cz\/jak-si-opatrit-sve-vlastni-auto\/","author":{"@type":"Person","@id":"https:\/\/www.jalingua.cz\/author\/#Person","name":"","url":"https:\/\/www.jalingua.cz\/author\/","identifier":1,"image":{"@type":"ImageObject","@id":"https:\/\/secure.gravatar.com\/avatar\/aa16db3f0f92015edeb6ced2fbc10116de89c6b4888114a368937de5fe58241b?s=96&d=mm&r=g","url":"https:\/\/secure.gravatar.com\/avatar\/aa16db3f0f92015edeb6ced2fbc10116de89c6b4888114a368937de5fe58241b?s=96&d=mm&r=g","height":96,"width":96}},"publisher":{"@type":"Organization","name":"jalingua.cz","logo":{"@type":"ImageObject","@id":"\/logo.png","url":"\/logo.png","width":600,"height":60}},"image":null,"wordCount":218,"keywords":null},{"@type":"Article","@id":"https:\/\/www.jalingua.cz\/kdyz-jsou-na-lasku-dva\/","headline":"Kdy\u017e jsou na l\u00e1sku dva","url":"https:\/\/www.jalingua.cz\/kdyz-jsou-na-lasku-dva\/","datePublished":"2024-11-08","dateModified":"2024-11-08","mainEntityOfPage":"https:\/\/www.jalingua.cz\/kdyz-jsou-na-lasku-dva\/","author":{"@type":"Person","@id":"https:\/\/www.jalingua.cz\/author\/#Person","name":"","url":"https:\/\/www.jalingua.cz\/author\/","identifier":1,"image":{"@type":"ImageObject","@id":"https:\/\/secure.gravatar.com\/avatar\/aa16db3f0f92015edeb6ced2fbc10116de89c6b4888114a368937de5fe58241b?s=96&d=mm&r=g","url":"https:\/\/secure.gravatar.com\/avatar\/aa16db3f0f92015edeb6ced2fbc10116de89c6b4888114a368937de5fe58241b?s=96&d=mm&r=g","height":96,"width":96}},"publisher":{"@type":"Organization","name":"jalingua.cz","logo":{"@type":"ImageObject","@id":"\/logo.png","url":"\/logo.png","width":600,"height":60}},"image":null,"wordCount":223,"keywords":null}]},{"@context":"https:\/\/schema.org","@type":"WebSite","@id":"https:\/\/www.jalingua.cz\/#website","name":"Jalingua","url":"https:\/\/www.jalingua.cz","potentialAction":{"@type":"SearchAction","target":"https:\/\/www.jalingua.cz\/?s={search_term_string}","query-input":"required name=search_term_string"}}]