[{"@context":"https:\/\/schema.org\/","@type":"Article","@id":"https:\/\/www.jalingua.cz\/oslava-narozenin-oslava-vyznamnych-vyroci-a-dalsi-prilezitosti\/#Article","mainEntityOfPage":"https:\/\/www.jalingua.cz\/oslava-narozenin-oslava-vyznamnych-vyroci-a-dalsi-prilezitosti\/","headline":"Oslava narozenin, oslava v\u00fdznamn\u00fdch v\u00fdro\u010d\u00ed a dal\u0161\u00ed p\u0159\u00edle\u017eitosti","name":"Oslava narozenin, oslava v\u00fdznamn\u00fdch v\u00fdro\u010d\u00ed a dal\u0161\u00ed p\u0159\u00edle\u017eitosti","description":"xTak ty m\u016f\u017eete uspo\u0159\u00e1dat na skv\u011bl\u00e9m a celkov\u011b b\u00e1je\u010dn\u00e9m m\u00edst\u011b, kde pro to je uzp\u016fsobeno ve\u0161ker\u00e9 z\u00e1zem\u00ed. Samoz\u0159ejm\u011b i svatebn\u00ed [&hellip;]","datePublished":"2024-10-24","dateModified":"2024-10-24","author":{"@type":"Person","@id":"https:\/\/www.jalingua.cz\/author\/#Person","name":"","url":"https:\/\/www.jalingua.cz\/author\/","identifier":1,"image":{"@type":"ImageObject","@id":"https:\/\/secure.gravatar.com\/avatar\/aa16db3f0f92015edeb6ced2fbc10116de89c6b4888114a368937de5fe58241b?s=96&d=mm&r=g","url":"https:\/\/secure.gravatar.com\/avatar\/aa16db3f0f92015edeb6ced2fbc10116de89c6b4888114a368937de5fe58241b?s=96&d=mm&r=g","height":96,"width":96}},"publisher":{"@type":"Organization","name":"jalingua.cz","logo":{"@type":"ImageObject","@id":"\/logo.png","url":"\/logo.png","width":600,"height":60}},"url":"https:\/\/www.jalingua.cz\/oslava-narozenin-oslava-vyznamnych-vyroci-a-dalsi-prilezitosti\/","wordCount":228,"articleBody":"xTak ty m\u016f\u017eete uspo\u0159\u00e1dat na skv\u011bl\u00e9m a celkov\u011b b\u00e1je\u010dn\u00e9m m\u00edst\u011b, kde pro to je uzp\u016fsobeno ve\u0161ker\u00e9 z\u00e1zem\u00ed. Samoz\u0159ejm\u011b i svatebn\u00ed hostina zde bude ide\u00e1ln\u00ed a dokonce mohou se postarat i o to, aby m\u011bli svateb\u010dan\u00e9 kde hlavu slo\u017eit. Samoz\u0159ejm\u011b i pro novoman\u017eele bude p\u0159ipraveno n\u00e1le\u017eit\u00e9 apartm\u00e1 se v\u0161\u00edm v\u0161udy, aby prvn\u00ed man\u017eelsk\u00e1 noc byla co nejpoh\u00e1dkov\u011bj\u0161\u00ed. Nemus\u00edte se b\u00e1t ani o zaj\u00edmav\u00fd a chutn\u00fd catering! Pod\u00edvejte se sami na fotogalerii z akc\u00ed, kter\u00e9 zde ji\u017e konaly v minulosti.\tSpl\u0148te si sv\u00e9 p\u0159\u00e1n\u00ed o poh\u00e1dkov\u00e9 svatb\u011b jako z romantick\u00fdch film\u016fRomantick\u00e9 prost\u0159ed\u00ed je pro to velk\u00fdm p\u0159edpokladem, tak\u017ee ur\u010dit\u011b uva\u017eujte alespo\u0148 nad t\u00edm, \u017ee si nech\u00e1te za\u0159\u00eddit tuto v\u00fdjime\u010dnou p\u0159\u00edle\u017eitost v penzionu a restauraci Zd\u011bn\u00e1 Bouda nedaleko Hradce Kr\u00e1lov\u00e9. Svatebn\u00ed hostina zde bude tak n\u00e1dhern\u00e1, \u017ee na ni budete vzpom\u00ednat do konce sv\u00e9ho \u017eivota. Ud\u011blejte si tento den je\u0161t\u011b v\u00fdjime\u010dn\u011bj\u0161\u00ed, vsa\u010fte na origin\u00e1ln\u00ed a jedine\u010dn\u00e9 \u0159e\u0161en\u00ed, kter\u00e9 nab\u00edz\u00ed pr\u00e1v\u011b tento penzion. Bohat\u00e1 fotodokumentace V\u00e1s o tom je\u0161t\u011b v\u00edce p\u0159esv\u011bd\u010d\u00ed.                                                                                                                                                                                                                                                                                                                                                                                        4.2\/5 - (9 votes)        "},{"@context":"https:\/\/schema.org\/","@type":"BreadcrumbList","itemListElement":[{"@type":"ListItem","position":1,"name":"Oslava narozenin, oslava v\u00fdznamn\u00fdch v\u00fdro\u010d\u00ed a dal\u0161\u00ed p\u0159\u00edle\u017eitosti","item":"https:\/\/www.jalingua.cz\/oslava-narozenin-oslava-vyznamnych-vyroci-a-dalsi-prilezitosti\/#breadcrumbitem"}]}]