[{"@context":"https:\/\/schema.org\/","@type":"Article","@id":"https:\/\/www.jalingua.cz\/na-koho-se-obratit-kvuli-pocitaci\/#Article","mainEntityOfPage":"https:\/\/www.jalingua.cz\/na-koho-se-obratit-kvuli-pocitaci\/","headline":"Na koho se obr\u00e1tit kv\u016fli po\u010d\u00edta\u010di?","name":"Na koho se obr\u00e1tit kv\u016fli po\u010d\u00edta\u010di?","description":"Po\u010d\u00edta\u010de jsou v dne\u0161n\u00ed dob\u011b u\u017e skoro nezbytn\u00e9 pro \u017eivot. Kdo po\u010d\u00edta\u010d nem\u00e1, ten p\u016fsob\u00ed pon\u011bkud divn\u00fdm dojmem, a kdo [&hellip;]","datePublished":"2020-01-06","dateModified":"2023-05-25","author":{"@type":"Person","@id":"https:\/\/www.jalingua.cz\/author\/#Person","name":"","url":"https:\/\/www.jalingua.cz\/author\/","identifier":1,"image":{"@type":"ImageObject","@id":"https:\/\/secure.gravatar.com\/avatar\/aa16db3f0f92015edeb6ced2fbc10116de89c6b4888114a368937de5fe58241b?s=96&d=mm&r=g","url":"https:\/\/secure.gravatar.com\/avatar\/aa16db3f0f92015edeb6ced2fbc10116de89c6b4888114a368937de5fe58241b?s=96&d=mm&r=g","height":96,"width":96}},"publisher":{"@type":"Organization","name":"jalingua.cz","logo":{"@type":"ImageObject","@id":"\/logo.png","url":"\/logo.png","width":600,"height":60}},"image":{"@type":"ImageObject","@id":"https:\/\/www.jalingua.cz\/wp-content\/uploads\/img_a371418_w1724_t1582805208.jpg","url":"https:\/\/www.jalingua.cz\/wp-content\/uploads\/img_a371418_w1724_t1582805208.jpg","height":0,"width":0},"url":"https:\/\/www.jalingua.cz\/na-koho-se-obratit-kvuli-pocitaci\/","about":["Slu\u017eby"],"wordCount":440,"articleBody":"            Po\u010d\u00edta\u010de jsou v dne\u0161n\u00ed dob\u011b u\u017e skoro nezbytn\u00e9 pro \u017eivot. Kdo po\u010d\u00edta\u010d nem\u00e1, ten p\u016fsob\u00ed pon\u011bkud divn\u00fdm dojmem, a kdo ho nevyu\u017e\u00edv\u00e1, ten je v\u00e1\u017en\u011b divn\u00fd. Ur\u010dit\u011b jsou mezi n\u00e1mi i takov\u00ed lidi, ale mezi takzvan\u011b lep\u0161\u00ed spole\u010dnost\u00ed je nenajdete, sp\u00ed\u0161 se jedn\u00e1 jenom o n\u011bkoho, kdo se \u017eiv\u00ed rukama a vymo\u017eenosti v\u00fdpo\u010detn\u00ed techniky nevyu\u017eije, nebo o soci\u00e1ln\u00ed p\u0159\u00edpad, kter\u00fd si po\u010d\u00edta\u010d nem\u016f\u017ee dovolit, nebo o n\u011bjak\u00e9ho seniora, kter\u00fd u\u017e po\u0159\u00edzen\u00ed n\u011b\u010deho takov\u00e9ho nepova\u017euje za d\u016fle\u017eit\u00e9, proto\u017ee se bez v\u00fdpo\u010detn\u00ed techniky obe\u0161el po v\u011bt\u0161inu \u017eivota a na star\u00e1 kolena u\u017e nec\u00edt\u00ed pot\u0159ebu na tom n\u011bco m\u011bnit. Norm\u00e1ln\u00ed lidi u\u017e dneska po\u010d\u00edta\u010d pot\u0159ebuj\u00ed. A kdy\u017e si ho cht\u011bj\u00ed koupit na Berounsku, \u010dasto spol\u00e9haj\u00ed na pc Beroun. Pr\u00e1v\u011b tady jim toti\u017e m\u016f\u017eou odborn\u00edci nab\u00eddnout p\u0159esn\u011b to, co je lidem zapot\u0159eb\u00ed. Nab\u00edzej\u00ed tady prvky od v\u0161ech p\u0159edn\u00edch sv\u011btov\u00fdch v\u00fdrobc\u016f a ka\u017ed\u00e9mu tu tedy dok\u00e1\u017eou nab\u00eddnout p\u0159esn\u011b to prav\u00e9. Dok\u00e1\u017eou tu splnit jak po\u017eadavky z\u00e1kazn\u00edk\u016f na v\u00fdkon, tak i na cenu, vyberou tu pro ka\u017ed\u00e9ho vhodn\u00fd hardware a software, na p\u0159\u00e1n\u00ed z\u00e1kazn\u00edka mu to, co si po\u0159\u00edd\u00ed, odvezou i na m\u00edsto ur\u010den\u00ed a tam mu to zprovozn\u00ed, v\u0161echno vysv\u011btl\u00ed a klidn\u011b i za\u0161kol\u00ed obsluhu. A pokud se pak n\u011bco pokaz\u00ed, zaji\u0161\u0165uj\u00ed tu i rychl\u00fd a spolehliv\u00fd z\u00e1ru\u010dn\u00ed i poz\u00e1ru\u010dn\u00ed servis. Men\u0161\u00ed z\u00e1vady odstran\u00ed na m\u00edst\u011b, v\u011bt\u0161\u00ed probl\u00e9my v provozovn\u011b do 24 hodin. Ka\u017ed\u00fd z\u00e1kazn\u00edk se tu p\u0159itom dozv\u00ed cenu opravy p\u0159edem, a oprav\u00ed jak po\u010d\u00edta\u010de a notebooky, tak i periferie, tisk\u00e1rny a scannery. O tom, \u017ee je zji\u0161t\u011bn\u00ed samotn\u00e9 z\u00e1vady zdarma, ani nemluv\u011b. Tento podnik je tedy dokonal\u00fd. Ka\u017ed\u00e9mu tu nab\u00eddnou to, co pot\u0159ebuje, a ka\u017ed\u00e9mu tu tak\u00e9 kdeco oprav\u00ed, pokud je n\u011bjak\u00fd probl\u00e9m. V\u011bt\u0161inu zbo\u017e\u00ed dodaj\u00ed do druh\u00e9ho dne a nab\u00edzej\u00ed i servis u z\u00e1kazn\u00edka do druh\u00e9ho pracovn\u00edho dne, a to lidem jen tak n\u011bkdo nenab\u00eddne. A kdy\u017e tak n\u011bkdo nem\u00e1 po\u010d\u00edta\u010d, sta\u010d\u00ed se nad sebou zamyslet. A u\u017e z\u00edtra m\u016f\u017ee b\u00fdt jako v\u0161ichni ostatn\u00ed takzvan\u00ed norm\u00e1ln\u00ed lid\u00e9.                                                                                                                                                                                                                                                                                                                                                                                          4.6\/5 - (12 votes)        "},{"@context":"https:\/\/schema.org\/","@type":"BreadcrumbList","itemListElement":[{"@type":"ListItem","position":1,"name":"Na koho se obr\u00e1tit kv\u016fli po\u010d\u00edta\u010di?","item":"https:\/\/www.jalingua.cz\/na-koho-se-obratit-kvuli-pocitaci\/#breadcrumbitem"}]}]