[{"@context":"https:\/\/schema.org\/","@type":"Article","@id":"https:\/\/www.jalingua.cz\/milan-kundera-velikan-ktereho-jsme-vyhnali-za-hranice\/#Article","mainEntityOfPage":"https:\/\/www.jalingua.cz\/milan-kundera-velikan-ktereho-jsme-vyhnali-za-hranice\/","headline":"Milan KUNDERA: velik\u00e1n, kter\u00e9ho jsme vyhnali za hranice","name":"Milan KUNDERA: velik\u00e1n, kter\u00e9ho jsme vyhnali za hranice","description":"&#13; Milan Kundera se narodil prvn\u00edho dubna roku 1929 v Brn\u011b, av\u0161ak stalo se, \u017ee mu bylo odebr\u00e1no \u010deskoslovensk\u00e9 st\u00e1tn\u00ed [&hellip;]","datePublished":"2020-10-26","dateModified":"2023-05-25","author":{"@type":"Person","@id":"https:\/\/www.jalingua.cz\/author\/#Person","name":"","url":"https:\/\/www.jalingua.cz\/author\/","identifier":1,"image":{"@type":"ImageObject","@id":"https:\/\/secure.gravatar.com\/avatar\/aa16db3f0f92015edeb6ced2fbc10116de89c6b4888114a368937de5fe58241b?s=96&d=mm&r=g","url":"https:\/\/secure.gravatar.com\/avatar\/aa16db3f0f92015edeb6ced2fbc10116de89c6b4888114a368937de5fe58241b?s=96&d=mm&r=g","height":96,"width":96}},"publisher":{"@type":"Organization","name":"jalingua.cz","logo":{"@type":"ImageObject","@id":"\/logo.png","url":"\/logo.png","width":600,"height":60}},"url":"https:\/\/www.jalingua.cz\/milan-kundera-velikan-ktereho-jsme-vyhnali-za-hranice\/","about":["Hobby"],"wordCount":372,"articleBody":"&#13; Milan Kundera se narodil prvn\u00edho dubna roku 1929 v Brn\u011b, av\u0161ak stalo se, \u017ee mu bylo odebr\u00e1no \u010deskoslovensk\u00e9 st\u00e1tn\u00ed ob\u010danstv\u00ed. Pro\u010d se to stalo, jak\u00e9 to m\u011blo p\u0159\u00ed\u010diny a jak\u00e9 d\u016fsledky? Tohle v\u0161echno v\u00e1m pov\u00edme v tomto \u010dl\u00e1nku.&#13; \u00b7 Kundera v dob\u011b Stalinismu&#13; Milan Kundera se v\u011bnoval u\u017e v dob\u011b studi\u00ed na st\u0159edn\u00ed a vysok\u00e9 \u0161kole psan\u00ed a publikaci. Byl mezi elitou tehdej\u0161\u00ed ofici\u00e1ln\u00ed literatury nejmlad\u0161\u00ed generace. Na Filozofick\u00e9 fakult\u011b studoval estetiku a literaturu, na univerzit\u011b po ukon\u010den\u00ed studi\u00ed za\u010dal p\u0159edn\u00e1\u0161et a v roce 64 z\u00edskal v tomto oboru docenturu. Vstoupil sice do komunistick\u00e9 strany u\u017e v roce 48, ov\u0161em hned v roce 50 byl vylou\u010den. V roce 56 byl znova p\u0159ijat, ale v roce \u0161edes\u00e1t byl zase vylou\u010den. Na \u010ctvrt\u00e9m sjezdu Svazu \u010deskoslovensk\u00fdch spisovatel\u016f p\u0159ednesl sv\u016fj nesouhlas se zak\u00e1z\u00e1n\u00edm film\u016f V\u011bry Chytilov\u00e9.Spor s V\u00e1clavem Havlem &#13; Zat\u00edmco V\u00e1clav Havel byl toho n\u00e1zoru, \u017ee \u0161edes\u00e1t\u00e1 l\u00e9ta a hlavn\u011b situace po srpnu 1968 u\u017e bude jenom lep\u0161\u00ed, \u017ee se sv\u011bt dozv\u00edd\u00e1 o na\u0161\u00ed situaci a nejsp\u00ed\u0161 n\u00e1m n\u011bkdo p\u0159ijde na pomoc, Milan Kundera tento n\u00e1zor shodil t\u00edm, \u017ee by si n\u00e1rod m\u011bl um\u011bt pomoci s\u00e1m a m\u011bl by se p\u0159ipravovat na nejhor\u0161\u00ed, proto\u017ee \u010cechoslov\u00e1k\u016fm u\u017e nikdo nepom\u016f\u017ee. H\u00e1dka se v \u010dasopisech Host do Domu, Tvar a Plamen vyhrotily, a a\u010dkoliv to byl Kundera, kdo m\u011bl pravdu (jak jsme se dozv\u011bd\u011bli z d\u011bjin), byl, d\u00e1 se \u0159\u00edct, za sv\u016fj n\u00e1zor pran\u00fd\u0159ov\u00e1n.&#13; &#13; &#13; Odebr\u00e1n\u00ed st\u00e1tn\u00edho ob\u010danstv\u00ed&#13; Kundera v roce 1978 vyd\u00e1v\u00e1 mimo knihy 6ert, za kterou byl v roce 56 vylou\u010den z Komunistick\u00e9 strany, tak\u00e9 knihu s n\u00e1zvem Kniha sm\u00edchu a zapomn\u011bn\u00ed. Pr\u00e1v\u011b za tuto knihu, kde p\u00ed\u0161e o \u201enepravd\u00e1ch\u201c, kv\u016fli \u010demu\u017e se stal \u201enep\u0159\u00edtelem st\u00e1tu\u201c a bylo mu proto odebr\u00e1no \u010deskoslovensk\u00e9 st\u00e1tn\u00ed ob\u010danstv\u00ed. Milan Kundera od t\u00e9 doby \u017eije ve Francii, kde v roce 1994 dostal francouzsk\u00e9 ob\u010danstv\u00ed.                                                                                                                                                                                                                                                                                                                                                                                        4.2\/5 - (13 votes)        "},{"@context":"https:\/\/schema.org\/","@type":"BreadcrumbList","itemListElement":[{"@type":"ListItem","position":1,"name":"Milan KUNDERA: velik\u00e1n, kter\u00e9ho jsme vyhnali za hranice","item":"https:\/\/www.jalingua.cz\/milan-kundera-velikan-ktereho-jsme-vyhnali-za-hranice\/#breadcrumbitem"}]}]