[{"@context":"https:\/\/schema.org\/","@type":"Article","@id":"https:\/\/www.jalingua.cz\/kazdy-se-musi-rozhodnout-sam-za-sebe\/#Article","mainEntityOfPage":"https:\/\/www.jalingua.cz\/kazdy-se-musi-rozhodnout-sam-za-sebe\/","headline":"Ka\u017ed\u00fd se mus\u00ed rozhodnout s\u00e1m za sebe","name":"Ka\u017ed\u00fd se mus\u00ed rozhodnout s\u00e1m za sebe","description":"Na poli redukce v\u00e1hy se ka\u017ed\u00fd mus\u00ed srovnat s\u00e1m se sv\u00fdmi v\u00fdsledky, rozhodnut\u00edm a n\u00e1sledn\u00fdm opat\u0159en\u00edm. Je pravdou, \u017ee \u017eeny [&hellip;]","datePublished":"2019-09-13","dateModified":"2024-02-26","author":{"@type":"Person","@id":"https:\/\/www.jalingua.cz\/author\/#Person","name":"","url":"https:\/\/www.jalingua.cz\/author\/","identifier":1,"image":{"@type":"ImageObject","@id":"https:\/\/secure.gravatar.com\/avatar\/aa16db3f0f92015edeb6ced2fbc10116de89c6b4888114a368937de5fe58241b?s=96&d=mm&r=g","url":"https:\/\/secure.gravatar.com\/avatar\/aa16db3f0f92015edeb6ced2fbc10116de89c6b4888114a368937de5fe58241b?s=96&d=mm&r=g","height":96,"width":96}},"publisher":{"@type":"Organization","name":"jalingua.cz","logo":{"@type":"ImageObject","@id":"\/logo.png","url":"\/logo.png","width":600,"height":60}},"image":{"@type":"ImageObject","@id":"https:\/\/www.jalingua.cz\/wp-content\/uploads\/img_a348577_w1778_t1563527204.jpg","url":"https:\/\/www.jalingua.cz\/wp-content\/uploads\/img_a348577_w1778_t1563527204.jpg","height":0,"width":0},"url":"https:\/\/www.jalingua.cz\/kazdy-se-musi-rozhodnout-sam-za-sebe\/","about":["Zdrav\u00ed"],"wordCount":473,"articleBody":"          Na poli redukce v\u00e1hy se ka\u017ed\u00fd mus\u00ed srovnat s\u00e1m se sv\u00fdmi v\u00fdsledky, rozhodnut\u00edm a n\u00e1sledn\u00fdm opat\u0159en\u00edm. Je pravdou, \u017ee \u017eeny bohu\u017eel m\u00edvaj\u00ed daleko v\u011bt\u0161\u00ed probl\u00e9my s v\u00e1hou ne\u017e mu\u017ei. Ti to v\u011bt\u0161inou za\u010dnou \u0159e\u0161it, a\u017e kdy\u017e je l\u00e9ka\u0159 postra\u0161\u00ed v\u00e1\u017enou nemoc\u00ed nebo jejich zdravotn\u00ed stav se za\u010dne hor\u0161it. N\u011bkoho zastav\u00ed rostouc\u00ed b\u0159icho a p\u0159irozen\u011b n\u011bkomu zase ani tak moc nevad\u00ed. \u017deny d\u00edky sv\u00fdm v\u011b\u010dn\u00fdm diet\u00e1m si dok\u00e1\u017eou zpomalit tak metabolismus, \u017ee m\u00edsto aby znateln\u011b ub\u00edraly na hmotnosti, tak to vede k prav\u00e9mu opaku. Mu\u017ei jsou v\u011bt\u0161inou od t\u011bchto r\u00e1doby pokus\u016f u\u0161et\u0159eni, tud\u00ed\u017e hubnut\u00ed jim p\u016fjde daleko l\u00e9pe ne\u017e \u017een\u00e1m.  Dieta sestaven\u00e1 na m\u00edru, kter\u00e1 zab\u00edr\u00e1 Tak\u00e9 m\u00e1 dal\u0161\u00ed plus, \u017ee se m\u016f\u017ee st\u00e1t v\u00fdchodiskem pro zm\u011bnu \u017eivotn\u00edho stylu, pokud ov\u0161em dok\u00e1\u017eeme udr\u017eet sv\u016fj j\u00eddeln\u00ed\u010dek ve zdrav\u00e9 rovin\u011b. A rozhodn\u011b to nen\u00ed o tom, \u017ee se bude j\u00edst jen zelenina. V podstat\u011b se skl\u00e1d\u00e1 ze t\u0159\u00ed f\u00e1z\u00ed, kter\u00e9 kdy\u017e se dodr\u017e\u00ed, tak je to jedin\u011b dob\u0159e jak pro t\u011blo, tak pro toho, kdo se rozhodl vyhl\u00e1sit v\u00e1lku sv\u00e9 v\u00e1ze. Jmenuje se proteinov\u00e1, ale tak\u00e9 je zn\u00e1m\u00e1 jako keto dieta, ketonov\u00e1 nebo b\u00edlkovinov\u00e1 a m\u00e1 je\u0161t\u011b dal\u0161\u00ed mnoh\u00e9 n\u00e1zvy. Nen\u00ed to \u017e\u00e1dn\u00e1 novinka, kter\u00e1 zp\u016fsobila p\u0159evrat na trhu. Jej\u00ed p\u016fsoben\u00ed je zn\u00e1m\u00e9 ji\u017e des\u00edtek let, a dokonce je uzn\u00e1van\u00e1 i l\u00e9ka\u0159skou v\u011bdou. Nen\u00ed ani divu v\u017edy\u0165 p\u0159in\u00e1\u0161\u00ed slu\u0161n\u00e9 v\u00fdsledky b\u011bhem prvn\u00edch t\u00fddn\u016f a m\u011bs\u00edc\u016f. A p\u0159itom je to tak jednoduch\u00e9. Sestav\u00ed se p\u0159esn\u011b na m\u00edru, jeliko\u017e ka\u017ed\u00fd \u010dlov\u011bk je jin\u00fd a jeho n\u00e1vyky nebo pohyb je tak\u00e9 \u00fapln\u011b odli\u0161n\u00fd. A m\u016f\u017eeme se pustit do boje s tukem.   Speci\u00e1ln\u011b upraven\u00e1 strava Zpo\u010d\u00e1tku to skute\u010dn\u011b jinak nep\u016fjde ne\u017e vstoupit do p\u0159ipraven\u00e9ho j\u00eddeln\u00ed\u010dku, kter\u00fd se skl\u00e1d\u00e1 ze spr\u00e1vn\u011b sestaven\u00fdch plnohodnotn\u00fdch j\u00eddel. V\u00fdhodou je, \u017ee zasyt\u00ed, tak\u017ee \u010dlov\u011bk nem\u00e1 hlad a ani chut\u011b na sladk\u00e9. Prodietix  nab\u00edz\u00ed mo\u017enost si sestavit v\u0161e podle sv\u00fdch vlastn\u00edch chut\u00ed, ale ve zdrav\u00e9 form\u011b, aby odpov\u00eddala dietn\u00edmu programu. Kdy\u017e se budeme dr\u017eet podle stanoven\u00fdch norem, tak po skon\u010den\u00ed z\u00edsk\u00e1me nejen p\u011bknou postavu, ale dobr\u00fd z\u00e1klad pro to, abychom si ji i udr\u017eeli a rozhodn\u011b nebudeme hladov\u011bt, co\u017e je dal\u0161\u00ed dobr\u00e1 zpr\u00e1va.                                                                                                                                                                                                                                                                                                                                                                                          3.9\/5 - (12 votes)        "},{"@context":"https:\/\/schema.org\/","@type":"BreadcrumbList","itemListElement":[{"@type":"ListItem","position":1,"name":"Ka\u017ed\u00fd se mus\u00ed rozhodnout s\u00e1m za sebe","item":"https:\/\/www.jalingua.cz\/kazdy-se-musi-rozhodnout-sam-za-sebe\/#breadcrumbitem"}]}]