[{"@context":"https:\/\/schema.org\/","@type":"Article","@id":"https:\/\/www.jalingua.cz\/deti-a-my\/#Article","mainEntityOfPage":"https:\/\/www.jalingua.cz\/deti-a-my\/","headline":"D\u011bti a my","name":"D\u011bti a my","description":"Nav\u00edc je planeta hrub\u011b p\u0159elidn\u011bna, tak\u017ee by to tak m\u011blo b\u00fdt. Nu a kdy\u017e u\u017e ty d\u011bti m\u00e1me, tak se [&hellip;]","datePublished":"2023-06-28","dateModified":"2023-06-28","author":{"@type":"Person","@id":"https:\/\/www.jalingua.cz\/author\/#Person","name":"","url":"https:\/\/www.jalingua.cz\/author\/","identifier":1,"image":{"@type":"ImageObject","@id":"https:\/\/secure.gravatar.com\/avatar\/aa16db3f0f92015edeb6ced2fbc10116de89c6b4888114a368937de5fe58241b?s=96&d=mm&r=g","url":"https:\/\/secure.gravatar.com\/avatar\/aa16db3f0f92015edeb6ced2fbc10116de89c6b4888114a368937de5fe58241b?s=96&d=mm&r=g","height":96,"width":96}},"publisher":{"@type":"Organization","name":"jalingua.cz","logo":{"@type":"ImageObject","@id":"\/logo.png","url":"\/logo.png","width":600,"height":60}},"image":{"@type":"ImageObject","@id":"https:\/\/www.jalingua.cz\/wp-content\/uploads\/kid-5687952_640.jpg","url":"https:\/\/www.jalingua.cz\/wp-content\/uploads\/kid-5687952_640.jpg","height":0,"width":0},"url":"https:\/\/www.jalingua.cz\/deti-a-my\/","about":["D\u011bti\r"],"wordCount":460,"articleBody":"Nav\u00edc je planeta hrub\u011b p\u0159elidn\u011bna, tak\u017ee by to tak m\u011blo b\u00fdt. Nu a kdy\u017e u\u017e ty d\u011bti m\u00e1me, tak se ka\u017ed\u00fd norm\u00e1ln\u00ed rodi\u010d sna\u017e\u00ed, aby m\u011bly v\u0161e, co cht\u011bj\u00ed a m\u011bly se dob\u0159e. Z toho a k tomu ov\u0161em tak\u00e9 plyne jejich v\u00fdchova. Rodi\u010de se sna\u017e\u00ed d\u011btem v\u0161t\u00edpit z\u00e1sady, podle kter\u00fdch mus\u00ed dodr\u017eovat ur\u010dit\u00e9 normy. Spole\u010densk\u00e9 i rodinn\u00e9.\u00a0V dne\u0161n\u00ed dob\u011b to nen\u00ed lehk\u00e9 a kdy\u017e se je\u0161t\u011b n\u011bkdo n\u011bco dov\u00ed o voln\u00e9 v\u00fdchov\u011b, tak j\u00e1s\u00e1. Jen proto\u017ee je s\u00e1m l\u00edn\u00fd a nezodpov\u011bdn\u00fd, d\u00e1 d\u00edt\u011bti volnost a nestar\u00e1 se. Lze pochopit, \u017ee je jin\u00e1 doba, \u017ee se d\u00edt\u011b t\u0159eba nem\u00e1 trestat, ale za takov\u00fdch dvacet let uvid\u00edme, \u017ee se tohle v\u016fbec nevyplatilo a \u017ee tyto d\u011bti budou odstra\u0161uj\u00edc\u00edm p\u0159\u00edkladem.\u00a0Tito samozvan\u00ed rodi\u010de se pak ov\u0161em nesm\u00ed divit, \u017ee je nikde s d\u011btmi necht\u011bj\u00ed a \u017ee se p\u0159ed nimi uzav\u0159ou n\u011bkter\u00e9 objekty. S t\u00edm j\u00e1 naprosto souhlas\u00edm, proto\u017ee se chci t\u0159eba naj\u00edst v klidu, a ne poslouchat je\u010den\u00ed n\u011bjak\u00fdch, s odpu\u0161t\u011bn\u00edm, spratk\u016f. Nav\u00edc pak doch\u00e1z\u00ed ke zbyte\u010dn\u00fdm konflikt\u016fm, n\u011bkdy i s obsluhuj\u00edc\u00edm person\u00e1lem a tohle divad\u00fdlko j\u00e1 nemus\u00edm. \u00a0Nutno v\u0161ak uznat, \u017ee ne v\u0161ichni mlad\u00ed tuhle podivnou \u201ev\u00fdchovu nev\u00fdchovu\u201d uzn\u00e1vaj\u00ed. Na\u0161t\u011bst\u00ed jsou tito norm\u00e1ln\u00ed a pokud vedle v\u00e1s sed\u00ed i s d\u011btmi u ob\u011bda, zpravidla o nich nev\u00edte. \u00a0Ov\u0161em pozor na druh\u00fd p\u0159\u00edpad, kde d\u00edt\u011b nesm\u00ed absolutn\u011b nic. I takov\u00ed jsou mezi n\u00e1mi. D\u00edt\u011b je pak zak\u0159iknut\u00e9, neum\u00ed si o nic \u0159\u00edci a je v koutku, aby n\u00e1hodou neru\u0161ilo. Je to p\u0159esn\u011b opa\u010dn\u00fd extr\u00e9m t\u011bch prvn\u00edch. \u00a0V\u00fdchova d\u011bt\u00ed by m\u011bla b\u00fdt tak n\u011bkde uprost\u0159ed. N\u011bco z toho a n\u011bco z toho. Tak, aby bylo d\u00edt\u011b zdrav\u011b zv\u00eddav\u00e9, ale p\u0159itom nikoho neotravovalo a bylo v pohod\u011b. Dos\u00e1hnout toho je jen na rodi\u010d\u00edch, \u0161kola \u010di \u0161kolka s t\u00edm u\u017e nic neud\u011bl\u00e1. \u00a0Tak\u017ee v\u00e1\u017een\u00ed, vychov\u00e1vejte sv\u00e9 d\u011bti spr\u00e1vn\u00fdm zp\u016fsobem. Pokud si nev\u00edte rady, ptejte se zku\u0161en\u011bj\u0161\u00edch. Jist\u011b m\u00e1te v okol\u00ed n\u011bkoho, kdo u\u017e m\u00e1 sv\u00e9 potomky dosp\u011bl\u00e9 a kdo se v\u00e1m r\u00e1d pokus\u00ed poradit. P\u0159eji mnoho \u00fasp\u011bch\u016f.\u00a0                                                                                                                                                                                                                                                                                                                                                                                        4.1\/5 - (9 votes)        "},{"@context":"https:\/\/schema.org\/","@type":"BreadcrumbList","itemListElement":[{"@type":"ListItem","position":1,"name":"D\u011bti a my","item":"https:\/\/www.jalingua.cz\/deti-a-my\/#breadcrumbitem"}]}]