[{"@context":"https:\/\/schema.org\/","@type":"Article","@id":"https:\/\/www.jalingua.cz\/co-kdybyste-uz-prestali-pracovat\/#Article","mainEntityOfPage":"https:\/\/www.jalingua.cz\/co-kdybyste-uz-prestali-pracovat\/","headline":"Co kdybyste u\u017e p\u0159estali pracovat","name":"Co kdybyste u\u017e p\u0159estali pracovat","description":"Cel\u00fd \u017eivot m\u00e1te n\u00e1ro\u010dn\u00e9 zam\u011bstn\u00e1n\u00ed, kter\u00e9 v\u00e1s d\u0159\u00edv sice napl\u0148ovalo, ale v sou\u010dasn\u00e9 dob\u011b u\u017e c\u00edt\u00edte, \u017ee v\u00e1s \u010d\u00edm d\u00e1l [&hellip;]","datePublished":"2025-08-31","dateModified":"2025-08-31","author":{"@type":"Person","@id":"https:\/\/www.jalingua.cz\/author\/#Person","name":"","url":"https:\/\/www.jalingua.cz\/author\/","identifier":1,"image":{"@type":"ImageObject","@id":"https:\/\/secure.gravatar.com\/avatar\/aa16db3f0f92015edeb6ced2fbc10116de89c6b4888114a368937de5fe58241b?s=96&d=mm&r=g","url":"https:\/\/secure.gravatar.com\/avatar\/aa16db3f0f92015edeb6ced2fbc10116de89c6b4888114a368937de5fe58241b?s=96&d=mm&r=g","height":96,"width":96}},"publisher":{"@type":"Organization","name":"jalingua.cz","logo":{"@type":"ImageObject","@id":"\/logo.png","url":"\/logo.png","width":600,"height":60}},"url":"https:\/\/www.jalingua.cz\/co-kdybyste-uz-prestali-pracovat\/","wordCount":216,"articleBody":" Cel\u00fd \u017eivot m\u00e1te n\u00e1ro\u010dn\u00e9 zam\u011bstn\u00e1n\u00ed, kter\u00e9 v\u00e1s d\u0159\u00edv sice napl\u0148ovalo, ale v sou\u010dasn\u00e9 dob\u011b u\u017e c\u00edt\u00edte, \u017ee v\u00e1s \u010d\u00edm d\u00e1l v\u00edce vysiluje? A pro\u010d se takto zbyte\u010dn\u011b trp\u00edte, kdy\u017e nemus\u00edte? Na na\u0161ich internetov\u00fdch str\u00e1nk\u00e1ch pro v\u00e1s m\u00e1me chytr\u00e9 n\u00e1vody, tabulky a vzorce, podle kter\u00fdch si jednodu\u0161e m\u016f\u017eete ov\u011b\u0159it, kdy do d\u016fchodu. Pracovat nemus\u00edte cel\u00fd \u017eivot Uvid\u00edte, \u017ee v penzi v\u00e1m bude daleko l\u00e9pe. V\u017edy\u0165 pro\u010d byste se m\u011bli p\u0159ep\u00ednat, kdy\u017e u\u017e sami c\u00edt\u00edte, \u017ee v\u00e1s zam\u011bstn\u00e1n\u00ed vysiluje? Va\u0161e t\u011blo v\u00e1m d\u00e1v\u00e1 sign\u00e1ly, \u017ee byste u\u017e m\u011bli zpomalit a tak byste ho m\u011bli poslechnout a skute\u010dn\u011b do penze odej\u00edt. Krom\u011b toho, \u017ee si b\u00e1je\u010dn\u011b odpo\u010dinete po fyzick\u00e9 i psychick\u00e9 str\u00e1nce, budete m\u00edt spoustu \u010dasu na sebe a sv\u00e9 kon\u00ed\u010dky. V\u017edy\u0165 jak r\u00e1di \u010dtete a p\u0159itom jste za posledn\u00ed rok nestihli p\u0159e\u010d\u00edst jedinou kn\u00ed\u017eku? V\u017edy\u0165 jak se r\u00e1di v\u011bnujete sv\u00e9 zahr\u00e1dce a v posledn\u00edch letech v\u00e1m akor\u00e1t pustne?                                                                                                                                                                                                                                                                                                                                                                                                "},{"@context":"https:\/\/schema.org\/","@type":"BreadcrumbList","itemListElement":[{"@type":"ListItem","position":1,"name":"Co kdybyste u\u017e p\u0159estali pracovat","item":"https:\/\/www.jalingua.cz\/co-kdybyste-uz-prestali-pracovat\/#breadcrumbitem"}]}]